{"id":21808,"date":"2023-01-23T16:21:08","date_gmt":"2023-01-23T21:21:08","guid":{"rendered":"http:\/\/172.20.0.158\/editora\/?p=21808"},"modified":"2023-03-06T09:14:56","modified_gmt":"2023-03-06T14:14:56","slug":"dicho-en-el-peru-un-libro-que-recoge-frases-celebres-de-personajes-historicos","status":"publish","type":"post","link":"https:\/\/fondoeditorial.editoraperu.pe\/?p=21808","title":{"rendered":"Dicho en el Per\u00fa: un libro que recoge frases c\u00e9lebres de personajes que hicieron historia"},"content":{"rendered":"<div class=\"fusion-fullwidth fullwidth-box fusion-builder-row-1 fusion-flex-container nonhundred-percent-fullwidth non-hundred-percent-height-scrolling\" style=\"background-color: #ffffff;background-position: center center;background-repeat: no-repeat;border-width: 0px 0px 0px 0px;border-color:#eae9e9;border-style:solid;\" ><div class=\"fusion-builder-row fusion-row fusion-flex-align-items-flex-start\" style=\"max-width:1352px;margin-left: calc(-4% \/ 2 );margin-right: calc(-4% \/ 2 );\"><div class=\"fusion-layout-column fusion_builder_column fusion-builder-column-0 fusion_builder_column_1_1 1_1 fusion-flex-column\"><div class=\"fusion-column-wrapper fusion-flex-justify-content-flex-start fusion-content-layout-column\" style=\"background-position:left top;background-repeat:no-repeat;-webkit-background-size:cover;-moz-background-size:cover;-o-background-size:cover;background-size:cover;padding: 0px 0px 0px 0px;\"><div ><span class=\" fusion-imageframe imageframe-none imageframe-1 hover-type-none\"><img decoding=\"async\" width=\"1800\" height=\"1200\" alt=\"Libro Dicho en el Per\u00fa\" title=\"Libro Dicho en el Per\u00fa\" src=\"http:\/\/172.20.0.158\/editora\/wp-content\/uploads\/2023\/01\/Libro-Dicho-en-el-Peru.jpg\" class=\"img-responsive wp-image-21811\" srcset=\"https:\/\/fondoeditorial.editoraperu.pe\/wp-content\/uploads\/2023\/01\/Libro-Dicho-en-el-Peru-200x133.jpg 200w, https:\/\/fondoeditorial.editoraperu.pe\/wp-content\/uploads\/2023\/01\/Libro-Dicho-en-el-Peru-400x267.jpg 400w, https:\/\/fondoeditorial.editoraperu.pe\/wp-content\/uploads\/2023\/01\/Libro-Dicho-en-el-Peru-600x400.jpg 600w, https:\/\/fondoeditorial.editoraperu.pe\/wp-content\/uploads\/2023\/01\/Libro-Dicho-en-el-Peru-800x533.jpg 800w, https:\/\/fondoeditorial.editoraperu.pe\/wp-content\/uploads\/2023\/01\/Libro-Dicho-en-el-Peru-1200x800.jpg 1200w, https:\/\/fondoeditorial.editoraperu.pe\/wp-content\/uploads\/2023\/01\/Libro-Dicho-en-el-Peru.jpg 1800w\" sizes=\"(max-width: 1024px) 100vw, (max-width: 640px) 100vw, 1800px\" \/><\/span><\/div><div class=\"fusion-text fusion-text-1\"><p style=\"text-align: center;\"><em>Atahualpa, Mariano Melgar, Mar\u00eda Parado de Bellido, Clorinda Matto, Mart\u00edn Chambi, son algunos de ellos.<\/em><\/p>\n<\/div><div class=\"fusion-text fusion-text-2\"><p><em>Dicho en el Per\u00fa tiene el sello del Fondo Editorial de Editora Per\u00fa, y ha visto la luz gracias a la adaptaci\u00f3n que hizo de los guiones elaborados por el autor para los podcasts que produce desde el 2020. ANDINA\/ Fondo Editorial de Editora Per\u00fa<\/em><\/p>\n<\/div><div class=\"fusion-text fusion-text-3\"><p>\u00bfEs posible construir un episodio de nuestra historia a partir de una frase memorable dicha por sus protagonistas y que al mismo tiempo nos revele sus emociones y personalidades? Es posible.<\/p>\n<p><strong>Luis Enrique Cam, cineasta e investigador de historia, es autor del libro Dicho en el Per\u00fa<\/strong>, y en las 20 historias que se cuentan ha logrado integrar la vida p\u00fablica de los personajes, con su vida privada, a trav\u00e9s de la elecci\u00f3n de una frase c\u00e9lebre que expresaron en un momento de la coyuntura pol\u00edtica y social que les toc\u00f3 vivir.<\/p>\n<p>Adem\u00e1s, cada relato incluye informaci\u00f3n biogr\u00e1fica de los personajes y <strong>cubren una l\u00ednea de tiempo que abarca desde la llegada de Pizarro a tierras americanas, hasta el relato de Martin Chambi.<\/strong> Puede encontrarse, por ejemplo, al inca Atahualpa y su frase famosa: <strong>Usos son de la guerra, vencer o ser vencidos.<\/strong><\/p>\n<p>De la misma manera, en Dicho en el Per\u00fa aparecen personalidades que participaron en la gesta independentistas como Don Jos\u00e9 de San Mart\u00edn, Mariano Melgar y Mar\u00eda Parado de Bellido. De esta \u00faltima, se rescata una frase suya poco conocida: <strong>Virgen del Rosario dame tu bendici\u00f3n, y mira por tus hijos que quedan hu\u00e9rfanos<\/strong>, que expres\u00f3 poco antes de ser asesinada por las huestes del ej\u00e9rcito realista.<\/p>\n<\/div><div ><span class=\" fusion-imageframe imageframe-none imageframe-2 hover-type-none\"><img decoding=\"async\" width=\"500\" height=\"334\" alt=\"Portada Dicho en el Per\u00fa\" title=\"Portada Dicho en el Per\u00fa\" src=\"http:\/\/172.20.0.158\/editora\/wp-content\/uploads\/2023\/01\/Portada-Dicho-en-el-Peru.jpg\" class=\"img-responsive wp-image-21813\" srcset=\"https:\/\/fondoeditorial.editoraperu.pe\/wp-content\/uploads\/2023\/01\/Portada-Dicho-en-el-Peru-200x134.jpg 200w, https:\/\/fondoeditorial.editoraperu.pe\/wp-content\/uploads\/2023\/01\/Portada-Dicho-en-el-Peru-400x267.jpg 400w, https:\/\/fondoeditorial.editoraperu.pe\/wp-content\/uploads\/2023\/01\/Portada-Dicho-en-el-Peru.jpg 500w\" sizes=\"(max-width: 1024px) 100vw, (max-width: 640px) 100vw, 500px\" \/><\/span><\/div><div class=\"fusion-text fusion-text-4\"><h4 style=\"text-align: justify;\"><strong>M\u00e1s frases y sus protagonistas<\/strong><\/h4>\n<p style=\"text-align: justify;\">De los a\u00f1os de la guerra con Chile, antes, durante y despu\u00e9s, d<strong>estacan las historias de Leoncio Prado y Daniel Alcides Carri\u00f3n, as\u00ed como de las intelectuales peruanas como Clorinda Matto de Turner<\/strong>, Mercedes El\u00e9spuru Laso y Carolina Freyre de Jaimes, entre otras.<\/p>\n<p style=\"text-align: justify;\">Otras figuras forman parte de esta oferta narrativa: Jos\u00e9 Abelardo Qui\u00f1ones y Abraham Valdelomar, adem\u00e1s de poetas, generales, escritoras, fot\u00f3grafos, pescadores, figuras eclesi\u00e1sticas y m\u00e1rtires.<\/p>\n<p style=\"text-align: justify;\"><strong>Dicho en el Per\u00fa tiene el sello del Fondo Editorial de Editora Per\u00fa<\/strong>, y ha visto la luz gracias a la adaptaci\u00f3n que hizo de los guiones elaborados por el autor para los podcasts que produce desde el 2020 (en plena pandemia). Los textos han logrado capturar en esencia la dramatizaci\u00f3n, musicalizaci\u00f3n y efectos de sonido, a trav\u00e9s de herramientas y t\u00e9cnicas narrativas.<\/p>\n<\/div><div ><span class=\" fusion-imageframe imageframe-none imageframe-3 hover-type-none\"><img decoding=\"async\" width=\"500\" height=\"333\" alt=\"Luis Enrique Cam Dicho en el Per\u00fa\" title=\"Luis Enrique Cam Dicho en el Per\u00fa\" src=\"http:\/\/172.20.0.158\/editora\/wp-content\/uploads\/2023\/01\/Luis-Enrique-Cam-Dicho-en-el-Peru.jpg\" class=\"img-responsive wp-image-21812\" srcset=\"https:\/\/fondoeditorial.editoraperu.pe\/wp-content\/uploads\/2023\/01\/Luis-Enrique-Cam-Dicho-en-el-Peru-200x133.jpg 200w, https:\/\/fondoeditorial.editoraperu.pe\/wp-content\/uploads\/2023\/01\/Luis-Enrique-Cam-Dicho-en-el-Peru-400x266.jpg 400w, https:\/\/fondoeditorial.editoraperu.pe\/wp-content\/uploads\/2023\/01\/Luis-Enrique-Cam-Dicho-en-el-Peru.jpg 500w\" sizes=\"(max-width: 1024px) 100vw, (max-width: 640px) 100vw, 500px\" \/><\/span><\/div><div class=\"fusion-text fusion-text-5\"><h4 style=\"text-align: justify;\"><strong>Sobre el autor de Dicho en el Per\u00fa<\/strong><\/h4>\n<p style=\"text-align: justify;\">Adem\u00e1s de cineasta e investigador de historia, <strong>Luis Enrique Cam es docente universitario. Tiene una Maestr\u00eda en el King\u2019s College de la Universidad de Londres<\/strong> y ha realizado 8 documentales de personajes hist\u00f3ricos exhibidos en m\u00e1s de 30 ciudades del mundo.<\/p>\n<p style=\"text-align: justify;\">Ha publicado <strong>El Corresponsal del Hu\u00e1scar (Mesa Redonda, 2015)<\/strong> y El Morro de Arica \u2013 La resistencia del periodismo peruano durante el cautiverio de Tacna y Arica (Fondo Editorial Escuela de Edici\u00f3n de Lima, 2017).<\/p>\n<p style=\"text-align: justify;\">Asimismo, <strong>M\u00e1ximas, consejos e instrucciones sobre el arte de la guerra de Mariano Bolognesi (Centro de Desarrollo editorial y de contenidos, 2021)<\/strong> y Dicho en el Per\u00fa. Nuestra historia a trav\u00e9s de sus frases c\u00e9lebres (2022).<\/p>\n<p style=\"text-align: justify;\">En el 2013, recibi\u00f3 el Premio Juan Land\u00e1zuri Ricketts; en el 2017, la Medalla de la Comisi\u00f3n Permanente de Historia del Ej\u00e9rcito del Per\u00fa; y, en el 2019 el Diploma al M\u00e9rito por la Promoci\u00f3n de la Historia del Per\u00fa por la Academia Nacional de Historia.<\/p>\n<h4 style=\"text-align: justify;\"><strong>C\u00f3mo adquirir Dicho en el Per\u00fa<\/strong><\/h4>\n<p style=\"text-align: justify;\">El libro Dicho en el Per\u00fa se encuentra disponible para venta online y presencial. Puedes adquirirlo a trav\u00e9s de las redes sociales de nuestro <strong>Fondo Editorial (@fondoeditorialep)<\/strong> con env\u00edo a Lima y provincias o escribe al correo <strong>ventasfondoeditorial@editoraperu.com.pe<\/strong><\/p>\n<p style=\"text-align: justify;\">Tambi\u00e9n puedes obtenerlo en el Museo Gr\u00e1fico del Diario Oficial El Peruano ubicado en Jir\u00f3n Quilca 556, Cercado de Lima de lunes a viernes de 8:00 a 17:00 hrs.<\/p>\n<p style=\"text-align: justify;\">(FIN) SMS<\/p>\n<p style=\"text-align: justify;\">Fuente: Agencia Peruana de Noticias Andina.<\/p>\n<p style=\"text-align: justify;\">Publicado: 23\/1\/2023<\/p>\n<\/div><\/div><style type=\"text\/css\">.fusion-body .fusion-builder-column-0{width:100% !important;margin-top : 0px;margin-bottom : 0px;}.fusion-builder-column-0 > .fusion-column-wrapper {padding-top : 0px !important;padding-right : 0px !important;margin-right : 1.92%;padding-bottom : 0px !important;padding-left : 0px !important;margin-left : 1.92%;}@media only screen and (max-width:1024px) {.fusion-body .fusion-builder-column-0{width:100% !important;}.fusion-builder-column-0 > .fusion-column-wrapper {margin-right : 1.92%;margin-left : 1.92%;}}@media only screen and (max-width:640px) {.fusion-body .fusion-builder-column-0{width:100% !important;}.fusion-builder-column-0 > .fusion-column-wrapper {margin-right : 1.92%;margin-left : 1.92%;}}<\/style><\/div><\/div><style type=\"text\/css\">.fusion-body .fusion-flex-container.fusion-builder-row-1{ padding-top : 0px;margin-top : 0px;padding-right : 0px;padding-bottom : 0px;margin-bottom : 0px;padding-left : 0px;}<\/style><\/div>\n","protected":false},"excerpt":{"rendered":"","protected":false},"author":14,"featured_media":0,"comment_status":"open","ping_status":"open","sticky":false,"template":"","format":"standard","meta":{"_bbp_topic_count":0,"_bbp_reply_count":0,"_bbp_total_topic_count":0,"_bbp_total_reply_count":0,"_bbp_voice_count":0,"_bbp_anonymous_reply_count":0,"_bbp_topic_count_hidden":0,"_bbp_reply_count_hidden":0,"_bbp_forum_subforum_count":0,"_mi_skip_tracking":false,"_joinchat":[],"footnotes":""},"categories":[132],"tags":[],"class_list":["post-21808","post","type-post","status-publish","format-standard","hentry","category-noticias"],"_links":{"self":[{"href":"https:\/\/fondoeditorial.editoraperu.pe\/index.php?rest_route=\/wp\/v2\/posts\/21808","targetHints":{"allow":["GET"]}}],"collection":[{"href":"https:\/\/fondoeditorial.editoraperu.pe\/index.php?rest_route=\/wp\/v2\/posts"}],"about":[{"href":"https:\/\/fondoeditorial.editoraperu.pe\/index.php?rest_route=\/wp\/v2\/types\/post"}],"author":[{"embeddable":true,"href":"https:\/\/fondoeditorial.editoraperu.pe\/index.php?rest_route=\/wp\/v2\/users\/14"}],"replies":[{"embeddable":true,"href":"https:\/\/fondoeditorial.editoraperu.pe\/index.php?rest_route=%2Fwp%2Fv2%2Fcomments&post=21808"}],"version-history":[{"count":5,"href":"https:\/\/fondoeditorial.editoraperu.pe\/index.php?rest_route=\/wp\/v2\/posts\/21808\/revisions"}],"predecessor-version":[{"id":21821,"href":"https:\/\/fondoeditorial.editoraperu.pe\/index.php?rest_route=\/wp\/v2\/posts\/21808\/revisions\/21821"}],"wp:attachment":[{"href":"https:\/\/fondoeditorial.editoraperu.pe\/index.php?rest_route=%2Fwp%2Fv2%2Fmedia&parent=21808"}],"wp:term":[{"taxonomy":"category","embeddable":true,"href":"https:\/\/fondoeditorial.editoraperu.pe\/index.php?rest_route=%2Fwp%2Fv2%2Fcategories&post=21808"},{"taxonomy":"post_tag","embeddable":true,"href":"https:\/\/fondoeditorial.editoraperu.pe\/index.php?rest_route=%2Fwp%2Fv2%2Ftags&post=21808"}],"curies":[{"name":"wp","href":"https:\/\/api.w.org\/{rel}","templated":true}]}}